{"id":5353,"date":"2025-10-27T15:16:37","date_gmt":"2025-10-27T19:16:37","guid":{"rendered":"https:\/\/unitedhospiceinc.org\/?p=5353"},"modified":"2025-10-27T15:25:51","modified_gmt":"2025-10-27T19:25:51","slug":"united-hospice-ceo-named-to-rba-board","status":"publish","type":"post","link":"https:\/\/unitedhospiceinc.org\/es\/united-hospice-ceo-named-to-rba-board\/","title":{"rendered":"El Director General de United Hospice, nombrado miembro de la Junta Directiva de RBA"},"content":{"rendered":"<p><img loading=\"lazy\" decoding=\"async\" class=\"aligncenter wp-image-5354\" src=\"https:\/\/unitedhospiceinc.org\/wp-content\/uploads\/2025\/10\/Screen-Shot-2018-11-03-at-8.28.58-PM.png\" alt=\"\" width=\"838\" height=\"135\" \/><\/p>\n<p class=\"p1\"><span class=\"s1\">Cara Pace, consejera delegada de United Hospice, el principal proveedor de cuidados paliativos sin \u00e1nimo de lucro de los condados de Rockland y Orange, ha sido nombrada recientemente miembro del Consejo de Administraci\u00f3n de la RBA. La RBA cuenta con m\u00e1s de 500 miembros, desde peque\u00f1as empresas hasta grandes corporaciones, y se encarga de defender los intereses de sus miembros ante los legisladores locales, estatales y federales.<\/span><\/p>\n<p class=\"p1\"><span class=\"s1\">Cara aporta a la Rockland Business Association 30 a\u00f1os de experiencia en el sector no lucrativo. A lo largo de su carrera, ha generado m\u00e1s de $100 millones en nuevos ingresos empresariales para las organizaciones a las que ha prestado sus servicios.<\/span><\/p>\n<p><a href=\"https:\/\/rocklandtimes.com\/2025\/10\/07\/united-hospice-ceo-named-to-rba-board\/\" target=\"_blank\" rel=\"noopener\">Lea el art\u00edculo completo en Rockland Community Times<\/a><\/p>","protected":false},"excerpt":{"rendered":"<p>Cara Pace, CEO of United Hospice, the leading nonprofit hospice provider in Rockland and Orange Counties, was recently named to the RBA Board of Directors. The RBA has over 500 [&hellip;]<\/p>\n","protected":false},"author":4,"featured_media":5355,"comment_status":"closed","ping_status":"closed","sticky":false,"template":"","format":"standard","meta":{"_acf_changed":false,"_et_pb_use_builder":"","_et_pb_old_content":"","_et_gb_content_width":"","inline_featured_image":false,"footnotes":""},"categories":[11],"tags":[],"class_list":["post-5353","post","type-post","status-publish","format-standard","has-post-thumbnail","hentry","category-blog"],"acf":[],"yoast_head":"<!-- This site is optimized with the Yoast SEO plugin v27.4 - https:\/\/yoast.com\/product\/yoast-seo-wordpress\/ -->\n<title>United Hospice CEO Named to RBA Board | United Hospice<\/title>\n<meta name=\"robots\" content=\"index, follow, max-snippet:-1, max-image-preview:large, max-video-preview:-1\" \/>\n<link rel=\"canonical\" href=\"https:\/\/unitedhospiceinc.org\/es\/united-hospice-ceo-named-to-rba-board\/\" \/>\n<meta property=\"og:locale\" content=\"es_MX\" \/>\n<meta property=\"og:type\" content=\"article\" \/>\n<meta property=\"og:title\" content=\"United Hospice CEO Named to RBA Board | United Hospice\" \/>\n<meta property=\"og:description\" content=\"Cara Pace, CEO of United Hospice, the leading nonprofit hospice provider in Rockland and Orange Counties, was recently named to the RBA Board of Directors. The RBA has over 500 [&hellip;]\" \/>\n<meta property=\"og:url\" content=\"https:\/\/unitedhospiceinc.org\/es\/united-hospice-ceo-named-to-rba-board\/\" \/>\n<meta property=\"og:site_name\" content=\"United Hospice\" \/>\n<meta property=\"article:published_time\" content=\"2025-10-27T19:16:37+00:00\" \/>\n<meta property=\"article:modified_time\" content=\"2025-10-27T19:25:51+00:00\" \/>\n<meta property=\"og:image\" content=\"https:\/\/unitedhospiceinc.org\/wp-content\/uploads\/2025\/10\/rct.jpg\" \/>\n\t<meta property=\"og:image:width\" content=\"500\" \/>\n\t<meta property=\"og:image:height\" content=\"500\" \/>\n\t<meta property=\"og:image:type\" content=\"image\/jpeg\" \/>\n<meta name=\"author\" content=\"Nicholas McElhinney\" \/>\n<meta name=\"twitter:card\" content=\"summary_large_image\" \/>\n<meta name=\"twitter:label1\" content=\"Escrito por\" \/>\n\t<meta name=\"twitter:data1\" content=\"Nicholas McElhinney\" \/>\n\t<meta name=\"twitter:label2\" content=\"Tiempo de lectura\" \/>\n\t<meta name=\"twitter:data2\" content=\"1 minuto\" \/>\n<!-- \/ Yoast SEO plugin. -->","yoast_head_json":{"title":"El Director General de United Hospice, nombrado miembro de la Junta Directiva de RBA | United Hospice","robots":{"index":"index","follow":"follow","max-snippet":"max-snippet:-1","max-image-preview":"max-image-preview:large","max-video-preview":"max-video-preview:-1"},"canonical":"https:\/\/unitedhospiceinc.org\/es\/united-hospice-ceo-named-to-rba-board\/","og_locale":"es_MX","og_type":"article","og_title":"United Hospice CEO Named to RBA Board | United Hospice","og_description":"Cara Pace, CEO of United Hospice, the leading nonprofit hospice provider in Rockland and Orange Counties, was recently named to the RBA Board of Directors. The RBA has over 500 [&hellip;]","og_url":"https:\/\/unitedhospiceinc.org\/es\/united-hospice-ceo-named-to-rba-board\/","og_site_name":"United Hospice","article_published_time":"2025-10-27T19:16:37+00:00","article_modified_time":"2025-10-27T19:25:51+00:00","og_image":[{"width":500,"height":500,"url":"https:\/\/unitedhospiceinc.org\/wp-content\/uploads\/2025\/10\/rct.jpg","type":"image\/jpeg"}],"author":"Nicholas McElhinney","twitter_card":"summary_large_image","twitter_misc":{"Escrito por":"Nicholas McElhinney","Tiempo de lectura":"1 minuto"},"schema":{"@context":"https:\/\/schema.org","@graph":[{"@type":"Article","@id":"https:\/\/unitedhospiceinc.org\/united-hospice-ceo-named-to-rba-board\/#article","isPartOf":{"@id":"https:\/\/unitedhospiceinc.org\/united-hospice-ceo-named-to-rba-board\/"},"author":{"name":"Nicholas McElhinney","@id":"https:\/\/unitedhospiceinc.org\/#\/schema\/person\/d76370bce1253220a8a92df727aebcf2"},"headline":"United Hospice CEO Named to RBA Board","datePublished":"2025-10-27T19:16:37+00:00","dateModified":"2025-10-27T19:25:51+00:00","mainEntityOfPage":{"@id":"https:\/\/unitedhospiceinc.org\/united-hospice-ceo-named-to-rba-board\/"},"wordCount":103,"image":{"@id":"https:\/\/unitedhospiceinc.org\/united-hospice-ceo-named-to-rba-board\/#primaryimage"},"thumbnailUrl":"https:\/\/unitedhospiceinc.org\/wp-content\/uploads\/2025\/10\/rct.jpg","articleSection":["Blog"],"inLanguage":"es"},{"@type":"WebPage","@id":"https:\/\/unitedhospiceinc.org\/united-hospice-ceo-named-to-rba-board\/","url":"https:\/\/unitedhospiceinc.org\/united-hospice-ceo-named-to-rba-board\/","name":"El Director General de United Hospice, nombrado miembro de la Junta Directiva de RBA | United Hospice","isPartOf":{"@id":"https:\/\/unitedhospiceinc.org\/#website"},"primaryImageOfPage":{"@id":"https:\/\/unitedhospiceinc.org\/united-hospice-ceo-named-to-rba-board\/#primaryimage"},"image":{"@id":"https:\/\/unitedhospiceinc.org\/united-hospice-ceo-named-to-rba-board\/#primaryimage"},"thumbnailUrl":"https:\/\/unitedhospiceinc.org\/wp-content\/uploads\/2025\/10\/rct.jpg","datePublished":"2025-10-27T19:16:37+00:00","dateModified":"2025-10-27T19:25:51+00:00","author":{"@id":"https:\/\/unitedhospiceinc.org\/#\/schema\/person\/d76370bce1253220a8a92df727aebcf2"},"breadcrumb":{"@id":"https:\/\/unitedhospiceinc.org\/united-hospice-ceo-named-to-rba-board\/#breadcrumb"},"inLanguage":"es","potentialAction":[{"@type":"ReadAction","target":["https:\/\/unitedhospiceinc.org\/united-hospice-ceo-named-to-rba-board\/"]}]},{"@type":"ImageObject","inLanguage":"es","@id":"https:\/\/unitedhospiceinc.org\/united-hospice-ceo-named-to-rba-board\/#primaryimage","url":"https:\/\/unitedhospiceinc.org\/wp-content\/uploads\/2025\/10\/rct.jpg","contentUrl":"https:\/\/unitedhospiceinc.org\/wp-content\/uploads\/2025\/10\/rct.jpg","width":500,"height":500},{"@type":"BreadcrumbList","@id":"https:\/\/unitedhospiceinc.org\/united-hospice-ceo-named-to-rba-board\/#breadcrumb","itemListElement":[{"@type":"ListItem","position":1,"name":"Home","item":"https:\/\/unitedhospiceinc.org\/"},{"@type":"ListItem","position":2,"name":"United Hospice CEO Named to RBA Board"}]},{"@type":"WebSite","@id":"https:\/\/unitedhospiceinc.org\/#website","url":"https:\/\/unitedhospiceinc.org\/","name":"Hospicio Unido","description":"Vivir con comodidad cuando el tiempo es lo m\u00e1s importante","potentialAction":[{"@type":"SearchAction","target":{"@type":"EntryPoint","urlTemplate":"https:\/\/unitedhospiceinc.org\/?s={search_term_string}"},"query-input":{"@type":"PropertyValueSpecification","valueRequired":true,"valueName":"search_term_string"}}],"inLanguage":"es"},{"@type":"Person","@id":"https:\/\/unitedhospiceinc.org\/#\/schema\/person\/d76370bce1253220a8a92df727aebcf2","name":"Nicholas McElhinney","image":{"@type":"ImageObject","inLanguage":"es","@id":"https:\/\/secure.gravatar.com\/avatar\/89d2f740fa5fa57777eb1be92d26e409d85b74a2217c1d86098cec18db1c8d0e?s=96&d=mm&r=g","url":"https:\/\/secure.gravatar.com\/avatar\/89d2f740fa5fa57777eb1be92d26e409d85b74a2217c1d86098cec18db1c8d0e?s=96&d=mm&r=g","contentUrl":"https:\/\/secure.gravatar.com\/avatar\/89d2f740fa5fa57777eb1be92d26e409d85b74a2217c1d86098cec18db1c8d0e?s=96&d=mm&r=g","caption":"Nicholas McElhinney"},"url":"https:\/\/unitedhospiceinc.org\/es\/author\/nick_mackteck\/"}]}},"_links":{"self":[{"href":"https:\/\/unitedhospiceinc.org\/es\/wp-json\/wp\/v2\/posts\/5353","targetHints":{"allow":["GET"]}}],"collection":[{"href":"https:\/\/unitedhospiceinc.org\/es\/wp-json\/wp\/v2\/posts"}],"about":[{"href":"https:\/\/unitedhospiceinc.org\/es\/wp-json\/wp\/v2\/types\/post"}],"author":[{"embeddable":true,"href":"https:\/\/unitedhospiceinc.org\/es\/wp-json\/wp\/v2\/users\/4"}],"replies":[{"embeddable":true,"href":"https:\/\/unitedhospiceinc.org\/es\/wp-json\/wp\/v2\/comments?post=5353"}],"version-history":[{"count":0,"href":"https:\/\/unitedhospiceinc.org\/es\/wp-json\/wp\/v2\/posts\/5353\/revisions"}],"wp:featuredmedia":[{"embeddable":true,"href":"https:\/\/unitedhospiceinc.org\/es\/wp-json\/wp\/v2\/media\/5355"}],"wp:attachment":[{"href":"https:\/\/unitedhospiceinc.org\/es\/wp-json\/wp\/v2\/media?parent=5353"}],"wp:term":[{"taxonomy":"category","embeddable":true,"href":"https:\/\/unitedhospiceinc.org\/es\/wp-json\/wp\/v2\/categories?post=5353"},{"taxonomy":"post_tag","embeddable":true,"href":"https:\/\/unitedhospiceinc.org\/es\/wp-json\/wp\/v2\/tags?post=5353"}],"curies":[{"name":"wp","href":"https:\/\/api.w.org\/{rel}","templated":true}]}}