{"id":5020,"date":"2025-03-24T11:15:25","date_gmt":"2025-03-24T15:15:25","guid":{"rendered":"https:\/\/unitedhospiceinc.org\/?p=5020"},"modified":"2025-03-24T15:10:52","modified_gmt":"2025-03-24T19:10:52","slug":"remembering-our-veterans-on-memorial-day","status":"publish","type":"post","link":"https:\/\/unitedhospiceinc.org\/es\/remembering-our-veterans-on-memorial-day\/","title":{"rendered":"Recordando a nuestros veteranos en el D\u00eda de la Recordaci\u00f3n"},"content":{"rendered":"<p><img loading=\"lazy\" decoding=\"async\" class=\"aligncenter size-medium wp-image-5024\" src=\"https:\/\/unitedhospiceinc.org\/wp-content\/uploads\/2025\/03\/mhn-logo-with-tagline1-300x70.jpg\" alt=\"\" width=\"300\" height=\"70\" \/><\/p>\n<div class=\"clear\"><\/div>\n<div id=\"attachment_5021\" style=\"width: 221px\" class=\"wp-caption alignright\"><img loading=\"lazy\" decoding=\"async\" aria-describedby=\"caption-attachment-5021\" class=\"wp-image-5021\" src=\"https:\/\/unitedhospiceinc.org\/wp-content\/uploads\/2025\/03\/Anthony-DeCoro.jpg\" alt=\"\" width=\"211\" height=\"317\" srcset=\"https:\/\/unitedhospiceinc.org\/wp-content\/uploads\/2025\/03\/Anthony-DeCoro.jpg 200w, https:\/\/unitedhospiceinc.org\/wp-content\/uploads\/2025\/03\/Anthony-DeCoro-8x12.jpg 8w\" sizes=\"(max-width: 211px) 100vw, 211px\" \/><p id=\"caption-attachment-5021\" class=\"wp-caption-text\">Anthony DeCoro, veterano del ej\u00e9rcito<\/p><\/div>\n<p>GOSHEN- Desde hace mucho tiempo, el Memorial Day se conoce como el primer d\u00eda oficial del verano, cuando hacemos las maletas y nos vamos a la playa, empezamos a encender nuestras parrillas o viajamos a casa de nuestros amigos o familiares para pasar un fin de semana de diversi\u00f3n y disfrute.<\/p>\n<p>Para los 16,2 millones de veteranos que se calcula que viven en todo el pa\u00eds, los hombres y mujeres que sirvieron valientemente en las fuerzas armadas de nuestra naci\u00f3n -el Ej\u00e9rcito, la Armada, la Infanter\u00eda de Marina, las Fuerzas A\u00e9reas y la Guardia Costera-, este d\u00eda siempre tendr\u00e1 un significado mayor que el de los picnics y la diversi\u00f3n; es el d\u00eda en que ellos y sus familias honran a aquellos valientes hombres y mujeres que hicieron el m\u00e1ximo sacrificio muriendo en el campo de batalla y defendiendo la libertad y las libertades que todos y cada uno de los estadounidenses aprecian.<\/p>\n<p>En United Hospice nos sentimos honrados de proporcionar atenci\u00f3n y compasi\u00f3n a nuestros veteranos y sus familias. Honramos su inquebrantable compromiso con la defensa de nuestra democracia, la firme protecci\u00f3n de nuestras comunidades y su voluntad de promover la paz aqu\u00ed y en el extranjero.<\/p>\n<p><a href=\"https:\/\/midhudsonnews.com\/2024\/05\/27\/remembering-our-veterans-on-memorial-day\/\" target=\"_blank\" rel=\"noopener\">Lea el art\u00edculo completo en Mid Hudson News<\/a><\/p>","protected":false},"excerpt":{"rendered":"<p>GOSHEN- Memorial Day has long since been referred to as the first official day of summer, when we pack our bags and head to the beach, start firing up our [&hellip;]<\/p>\n","protected":false},"author":4,"featured_media":5031,"comment_status":"closed","ping_status":"closed","sticky":false,"template":"","format":"standard","meta":{"_acf_changed":false,"_et_pb_use_builder":"","_et_pb_old_content":"","_et_gb_content_width":"","inline_featured_image":false,"footnotes":""},"categories":[10],"tags":[],"class_list":["post-5020","post","type-post","status-publish","format-standard","has-post-thumbnail","hentry","category-in-the-community"],"acf":[],"yoast_head":"<!-- This site is optimized with the Yoast SEO plugin v27.4 - https:\/\/yoast.com\/product\/yoast-seo-wordpress\/ -->\n<title>Remembering our Veterans on Memorial Day | United Hospice<\/title>\n<meta name=\"robots\" content=\"index, follow, max-snippet:-1, max-image-preview:large, max-video-preview:-1\" \/>\n<link rel=\"canonical\" href=\"https:\/\/unitedhospiceinc.org\/es\/remembering-our-veterans-on-memorial-day\/\" \/>\n<meta property=\"og:locale\" content=\"es_MX\" \/>\n<meta property=\"og:type\" content=\"article\" \/>\n<meta property=\"og:title\" content=\"Remembering our Veterans on Memorial Day | United Hospice\" \/>\n<meta property=\"og:description\" content=\"GOSHEN- Memorial Day has long since been referred to as the first official day of summer, when we pack our bags and head to the beach, start firing up our [&hellip;]\" \/>\n<meta property=\"og:url\" content=\"https:\/\/unitedhospiceinc.org\/es\/remembering-our-veterans-on-memorial-day\/\" \/>\n<meta property=\"og:site_name\" content=\"United Hospice\" \/>\n<meta property=\"article:published_time\" content=\"2025-03-24T15:15:25+00:00\" \/>\n<meta property=\"article:modified_time\" content=\"2025-03-24T19:10:52+00:00\" \/>\n<meta property=\"og:image\" content=\"https:\/\/unitedhospiceinc.org\/wp-content\/uploads\/2025\/03\/3-1.jpg\" \/>\n\t<meta property=\"og:image:width\" content=\"1000\" \/>\n\t<meta property=\"og:image:height\" content=\"915\" \/>\n\t<meta property=\"og:image:type\" content=\"image\/jpeg\" \/>\n<meta name=\"author\" content=\"Nicholas McElhinney\" \/>\n<meta name=\"twitter:card\" content=\"summary_large_image\" \/>\n<meta name=\"twitter:label1\" content=\"Escrito por\" \/>\n\t<meta name=\"twitter:data1\" content=\"Nicholas McElhinney\" \/>\n\t<meta name=\"twitter:label2\" content=\"Tiempo de lectura\" \/>\n\t<meta name=\"twitter:data2\" content=\"2 minutos\" \/>\n<!-- \/ Yoast SEO plugin. -->","yoast_head_json":{"title":"Recordando a nuestros veteranos en el D\u00eda de los Ca\u00eddos | United Hospice","robots":{"index":"index","follow":"follow","max-snippet":"max-snippet:-1","max-image-preview":"max-image-preview:large","max-video-preview":"max-video-preview:-1"},"canonical":"https:\/\/unitedhospiceinc.org\/es\/remembering-our-veterans-on-memorial-day\/","og_locale":"es_MX","og_type":"article","og_title":"Remembering our Veterans on Memorial Day | United Hospice","og_description":"GOSHEN- Memorial Day has long since been referred to as the first official day of summer, when we pack our bags and head to the beach, start firing up our [&hellip;]","og_url":"https:\/\/unitedhospiceinc.org\/es\/remembering-our-veterans-on-memorial-day\/","og_site_name":"United Hospice","article_published_time":"2025-03-24T15:15:25+00:00","article_modified_time":"2025-03-24T19:10:52+00:00","og_image":[{"width":1000,"height":915,"url":"https:\/\/unitedhospiceinc.org\/wp-content\/uploads\/2025\/03\/3-1.jpg","type":"image\/jpeg"}],"author":"Nicholas McElhinney","twitter_card":"summary_large_image","twitter_misc":{"Escrito por":"Nicholas McElhinney","Tiempo de lectura":"2 minutos"},"schema":{"@context":"https:\/\/schema.org","@graph":[{"@type":"Article","@id":"https:\/\/unitedhospiceinc.org\/remembering-our-veterans-on-memorial-day\/#article","isPartOf":{"@id":"https:\/\/unitedhospiceinc.org\/remembering-our-veterans-on-memorial-day\/"},"author":{"name":"Nicholas McElhinney","@id":"https:\/\/unitedhospiceinc.org\/#\/schema\/person\/d76370bce1253220a8a92df727aebcf2"},"headline":"Remembering our Veterans on Memorial Day","datePublished":"2025-03-24T15:15:25+00:00","dateModified":"2025-03-24T19:10:52+00:00","mainEntityOfPage":{"@id":"https:\/\/unitedhospiceinc.org\/remembering-our-veterans-on-memorial-day\/"},"wordCount":191,"image":{"@id":"https:\/\/unitedhospiceinc.org\/remembering-our-veterans-on-memorial-day\/#primaryimage"},"thumbnailUrl":"https:\/\/unitedhospiceinc.org\/wp-content\/uploads\/2025\/03\/3-1.jpg","articleSection":["In The Community"],"inLanguage":"es"},{"@type":"WebPage","@id":"https:\/\/unitedhospiceinc.org\/remembering-our-veterans-on-memorial-day\/","url":"https:\/\/unitedhospiceinc.org\/remembering-our-veterans-on-memorial-day\/","name":"Recordando a nuestros veteranos en el D\u00eda de los Ca\u00eddos | United Hospice","isPartOf":{"@id":"https:\/\/unitedhospiceinc.org\/#website"},"primaryImageOfPage":{"@id":"https:\/\/unitedhospiceinc.org\/remembering-our-veterans-on-memorial-day\/#primaryimage"},"image":{"@id":"https:\/\/unitedhospiceinc.org\/remembering-our-veterans-on-memorial-day\/#primaryimage"},"thumbnailUrl":"https:\/\/unitedhospiceinc.org\/wp-content\/uploads\/2025\/03\/3-1.jpg","datePublished":"2025-03-24T15:15:25+00:00","dateModified":"2025-03-24T19:10:52+00:00","author":{"@id":"https:\/\/unitedhospiceinc.org\/#\/schema\/person\/d76370bce1253220a8a92df727aebcf2"},"breadcrumb":{"@id":"https:\/\/unitedhospiceinc.org\/remembering-our-veterans-on-memorial-day\/#breadcrumb"},"inLanguage":"es","potentialAction":[{"@type":"ReadAction","target":["https:\/\/unitedhospiceinc.org\/remembering-our-veterans-on-memorial-day\/"]}]},{"@type":"ImageObject","inLanguage":"es","@id":"https:\/\/unitedhospiceinc.org\/remembering-our-veterans-on-memorial-day\/#primaryimage","url":"https:\/\/unitedhospiceinc.org\/wp-content\/uploads\/2025\/03\/3-1.jpg","contentUrl":"https:\/\/unitedhospiceinc.org\/wp-content\/uploads\/2025\/03\/3-1.jpg","width":1000,"height":915},{"@type":"BreadcrumbList","@id":"https:\/\/unitedhospiceinc.org\/remembering-our-veterans-on-memorial-day\/#breadcrumb","itemListElement":[{"@type":"ListItem","position":1,"name":"Home","item":"https:\/\/unitedhospiceinc.org\/"},{"@type":"ListItem","position":2,"name":"Remembering our Veterans on Memorial Day"}]},{"@type":"WebSite","@id":"https:\/\/unitedhospiceinc.org\/#website","url":"https:\/\/unitedhospiceinc.org\/","name":"Hospicio Unido","description":"Vivir con comodidad cuando el tiempo es lo m\u00e1s importante","potentialAction":[{"@type":"SearchAction","target":{"@type":"EntryPoint","urlTemplate":"https:\/\/unitedhospiceinc.org\/?s={search_term_string}"},"query-input":{"@type":"PropertyValueSpecification","valueRequired":true,"valueName":"search_term_string"}}],"inLanguage":"es"},{"@type":"Person","@id":"https:\/\/unitedhospiceinc.org\/#\/schema\/person\/d76370bce1253220a8a92df727aebcf2","name":"Nicholas McElhinney","image":{"@type":"ImageObject","inLanguage":"es","@id":"https:\/\/secure.gravatar.com\/avatar\/89d2f740fa5fa57777eb1be92d26e409d85b74a2217c1d86098cec18db1c8d0e?s=96&d=mm&r=g","url":"https:\/\/secure.gravatar.com\/avatar\/89d2f740fa5fa57777eb1be92d26e409d85b74a2217c1d86098cec18db1c8d0e?s=96&d=mm&r=g","contentUrl":"https:\/\/secure.gravatar.com\/avatar\/89d2f740fa5fa57777eb1be92d26e409d85b74a2217c1d86098cec18db1c8d0e?s=96&d=mm&r=g","caption":"Nicholas McElhinney"},"url":"https:\/\/unitedhospiceinc.org\/es\/author\/nick_mackteck\/"}]}},"_links":{"self":[{"href":"https:\/\/unitedhospiceinc.org\/es\/wp-json\/wp\/v2\/posts\/5020","targetHints":{"allow":["GET"]}}],"collection":[{"href":"https:\/\/unitedhospiceinc.org\/es\/wp-json\/wp\/v2\/posts"}],"about":[{"href":"https:\/\/unitedhospiceinc.org\/es\/wp-json\/wp\/v2\/types\/post"}],"author":[{"embeddable":true,"href":"https:\/\/unitedhospiceinc.org\/es\/wp-json\/wp\/v2\/users\/4"}],"replies":[{"embeddable":true,"href":"https:\/\/unitedhospiceinc.org\/es\/wp-json\/wp\/v2\/comments?post=5020"}],"version-history":[{"count":0,"href":"https:\/\/unitedhospiceinc.org\/es\/wp-json\/wp\/v2\/posts\/5020\/revisions"}],"wp:featuredmedia":[{"embeddable":true,"href":"https:\/\/unitedhospiceinc.org\/es\/wp-json\/wp\/v2\/media\/5031"}],"wp:attachment":[{"href":"https:\/\/unitedhospiceinc.org\/es\/wp-json\/wp\/v2\/media?parent=5020"}],"wp:term":[{"taxonomy":"category","embeddable":true,"href":"https:\/\/unitedhospiceinc.org\/es\/wp-json\/wp\/v2\/categories?post=5020"},{"taxonomy":"post_tag","embeddable":true,"href":"https:\/\/unitedhospiceinc.org\/es\/wp-json\/wp\/v2\/tags?post=5020"}],"curies":[{"name":"wp","href":"https:\/\/api.w.org\/{rel}","templated":true}]}}